{"id":6502,"date":"2026-04-29T08:25:19","date_gmt":"2026-04-29T06:25:19","guid":{"rendered":"https:\/\/simp.bielsko.pl\/?p=6502"},"modified":"2026-04-29T08:54:07","modified_gmt":"2026-04-29T06:54:07","slug":"walne-zebranie-sprawozdawczo-wyborcze-kola-simp-przy-ubb","status":"publish","type":"post","link":"https:\/\/simp.bielsko.pl\/index.php\/2026\/04\/29\/walne-zebranie-sprawozdawczo-wyborcze-kola-simp-przy-ubb\/","title":{"rendered":"Walne Zebranie Sprawozdawczo-Wyborcze Ko\u0142a SIMP przy UBB"},"content":{"rendered":"\t\t<div data-elementor-type=\"wp-post\" data-elementor-id=\"6502\" class=\"elementor elementor-6502\" data-elementor-post-type=\"post\">\n\t\t\t\t<div class=\"elementor-element elementor-element-537152b3 e-flex e-con-boxed e-con e-parent\" data-id=\"537152b3\" data-element_type=\"container\" data-e-type=\"container\">\n\t\t\t\t\t<div class=\"e-con-inner\">\n\t\t\t\t<div class=\"elementor-element elementor-element-316c16c5 elementor-widget elementor-widget-text-editor\" data-id=\"316c16c5\" data-element_type=\"widget\" data-e-type=\"widget\" data-widget_type=\"text-editor.default\">\n\t\t\t\t<div class=\"elementor-widget-container\">\n\t\t\t\t\t\t\t\t\t<p>28 kwietnia 2026 roku w Uniwersytecie Bielsko-Bialskim odby\u0142o si\u0119 Walne Zebranie Sprawozdawczo-Wyborcze Ko\u0142a SIMP przy UBB. Spotkanie mia\u0142o charakter sprawozdawczy i wyborczy, a jego celem by\u0142o podsumowanie dzia\u0142alno\u015bci Ko\u0142a w mijaj\u0105cej kadencji oraz wyb\u00f3r nowych w\u0142adz.<\/p><p>Obrady przeprowadzono zgodnie z przyj\u0119tym porz\u0105dkiem. Po otwarciu zebrania stwierdzono prawomocno\u015b\u0107 obrad, wybrano Przewodnicz\u0105cego Zebrania oraz protokolanta, a nast\u0119pnie powo\u0142ano komisje: mandatow\u0105, wnioskow\u0105, wyborcz\u0105 i skrutacyjn\u0105.<\/p><h2><span style=\"font-size: 20px;\">Podsumowanie dzia\u0142alno\u015bci Ko\u0142a<\/span><\/h2><p>W trakcie zebrania przedstawiono sprawozdanie ust\u0119puj\u0105cego Zarz\u0105du z dzia\u0142alno\u015bci Ko\u0142a SIMP przy Uniwersytecie Bielsko-Bialskim za okres od czerwca 2022 roku do kwietnia 2026 roku.<\/p><p>W sprawozdaniu wskazano najwa\u017cniejsze obszary aktywno\u015bci Ko\u0142a, obejmuj\u0105ce dzia\u0142alno\u015b\u0107 dydaktyczn\u0105, szkoleniow\u0105, naukow\u0105, organizacyjn\u0105 oraz popularyzatorsk\u0105. W minionej kadencji zrealizowano mi\u0119dzy innymi cykl wyk\u0142ad\u00f3w specjalistycznych, spotkania in\u017cynierskie, dzia\u0142ania zwi\u0105zane ze wsp\u00f3\u0142prac\u0105 z przemys\u0142em, a tak\u017ce inicjatywy promuj\u0105ce wiedz\u0119 techniczn\u0105 w \u015brodowisku akademickim i lokalnym.<\/p><p>Ko\u0142o SIMP aktywnie uczestniczy\u0142o r\u00f3wnie\u017c w wydarzeniach bran\u017cowych, targowych i konferencyjnych. Wa\u017cnym elementem dzia\u0142alno\u015bci by\u0142a wsp\u00f3\u0142praca z w\u0142adzami Uniwersytetu Bielsko-Bialskiego oraz \u015brodowiskiem in\u017cynierskim regionu.<\/p><h2><strong><span style=\"font-size: 20px;\">Ocena dzia\u0142alno\u015bci i absolutorium<\/span><\/strong><\/h2><p>Komisja Rewizyjna przedstawi\u0142a ocen\u0119 dzia\u0142alno\u015bci Ko\u0142a w okresie sprawozdawczym. W swoim stanowisku pozytywnie oceni\u0142a realizacj\u0119 zada\u0144 statutowych, dzia\u0142alno\u015b\u0107 organizacyjn\u0105 oraz zaanga\u017cowanie cz\u0142onk\u00f3w Ko\u0142a w rozw\u00f3j Stowarzyszenia In\u017cynier\u00f3w i Technik\u00f3w Mechanik\u00f3w Polskich w \u015brodowisku akademickim.<\/p><p>Na podstawie przedstawionego sprawozdania oraz opinii Komisji Rewizyjnej Walne Zebranie udzieli\u0142o absolutorium ust\u0119puj\u0105cemu Zarz\u0105dowi.<\/p><h2 style=\"font-size: 20pt;\"><span style=\"font-size: 20px;\">Wyb\u00f3r nowych w\u0142adz Ko\u0142a SIMP<\/span><\/h2><p>Jednym z g\u0142\u00f3wnych punkt\u00f3w zebrania by\u0142o przeprowadzenie wybor\u00f3w nowych w\u0142adz Ko\u0142a SIMP przy UBB. G\u0142osowanie odby\u0142o si\u0119 w trybie tajnym, zgodnie z przyj\u0119tym regulaminem.<\/p><p>W wyniku przeprowadzonych wybor\u00f3w Przewodnicz\u0105cym Ko\u0142a SIMP przy Uniwersytecie Bielsko-Bialskim zosta\u0142 Jacek Rysi\u0144ski.<\/p><p>Do Zarz\u0105du Ko\u0142a wybrani zostali:<\/p><ul><li>Daniel Jancarczyk (Wice Przewodnicz\u0105cy),<\/li><li>Damian Pytka (Sekretarz)<\/li><li>Mateusz Waluszek.<\/li><\/ul><p>Podczas zebrania wybrano r\u00f3wnie\u017c sk\u0142ad Komisji Rewizyjnej:<\/p><ul><li>Adam Jab\u0142o\u0144ski (Przewodnicz\u0105cy),<\/li><li>Maksymilian Ma\u015blanka),<\/li><\/ul><p>oraz delegat\u00f3w na Walne Zgromadzenie cz\u0142onk\u00f3w Oddzia\u0142u SIMP w Bielsku-Bia\u0142ej.<\/p><h2 style=\"font-size: 20pt;\"><span style=\"font-size: 20px;\">Kierunki dalszej dzia\u0142alno\u015bci<\/span><\/h2><p>Nowo wybrany Przewodnicz\u0105cy Ko\u0142a podzi\u0119kowa\u0142 cz\u0142onkom za zaufanie oraz podkre\u015bli\u0142 znaczenie kontynuacji dotychczasowych dzia\u0142a\u0144. Wskaza\u0142 r\u00f3wnie\u017c na potrzeb\u0119 dalszego rozwijania wsp\u00f3\u0142pracy \u015brodowiska akademickiego z przemys\u0142em, wzmacniania aktywno\u015bci organizacyjnej Ko\u0142a oraz tworzenia przestrzeni do wymiany wiedzy i do\u015bwiadcze\u0144 in\u017cynierskich.<\/p><p>Walne Zebranie zako\u0144czono po wyczerpaniu przyj\u0119tego porz\u0105dku obrad.<\/p>\t\t\t\t\t\t\t\t<\/div>\n\t\t\t\t<\/div>\n\t\t\t\t\t<\/div>\n\t\t\t\t<\/div>\n\t\t\t\t<\/div>\n\t\t","protected":false},"excerpt":{"rendered":"<p>28 kwietnia 2026 roku w Uniwersytecie Bielsko-Bialskim odby\u0142o si\u0119 Walne Zebranie Sprawozdawczo-Wyborcze Ko\u0142a SIMP przy UBB. Spotkanie mia\u0142o charakter sprawozdawczy i wyborczy, a jego celem by\u0142o podsumowanie dzia\u0142alno\u015bci Ko\u0142a w mijaj\u0105cej kadencji oraz wyb\u00f3r nowych w\u0142adz. Obrady przeprowadzono zgodnie z przyj\u0119tym porz\u0105dkiem. Po otwarciu zebrania stwierdzono prawomocno\u015b\u0107 obrad, wybrano Przewodnicz\u0105cego Zebrania oraz protokolanta, a nast\u0119pnie [&hellip;]<\/p>\n","protected":false},"author":2,"featured_media":0,"comment_status":"open","ping_status":"open","sticky":false,"template":"","format":"standard","meta":{"footnotes":""},"categories":[1],"tags":[],"class_list":["post-6502","post","type-post","status-publish","format-standard","hentry","category-aktualnosci"],"_links":{"self":[{"href":"https:\/\/simp.bielsko.pl\/index.php\/wp-json\/wp\/v2\/posts\/6502","targetHints":{"allow":["GET"]}}],"collection":[{"href":"https:\/\/simp.bielsko.pl\/index.php\/wp-json\/wp\/v2\/posts"}],"about":[{"href":"https:\/\/simp.bielsko.pl\/index.php\/wp-json\/wp\/v2\/types\/post"}],"author":[{"embeddable":true,"href":"https:\/\/simp.bielsko.pl\/index.php\/wp-json\/wp\/v2\/users\/2"}],"replies":[{"embeddable":true,"href":"https:\/\/simp.bielsko.pl\/index.php\/wp-json\/wp\/v2\/comments?post=6502"}],"version-history":[{"count":13,"href":"https:\/\/simp.bielsko.pl\/index.php\/wp-json\/wp\/v2\/posts\/6502\/revisions"}],"predecessor-version":[{"id":6517,"href":"https:\/\/simp.bielsko.pl\/index.php\/wp-json\/wp\/v2\/posts\/6502\/revisions\/6517"}],"wp:attachment":[{"href":"https:\/\/simp.bielsko.pl\/index.php\/wp-json\/wp\/v2\/media?parent=6502"}],"wp:term":[{"taxonomy":"category","embeddable":true,"href":"https:\/\/simp.bielsko.pl\/index.php\/wp-json\/wp\/v2\/categories?post=6502"},{"taxonomy":"post_tag","embeddable":true,"href":"https:\/\/simp.bielsko.pl\/index.php\/wp-json\/wp\/v2\/tags?post=6502"}],"curies":[{"name":"wp","href":"https:\/\/api.w.org\/{rel}","templated":true}]}}